{"id":5914,"date":"2023-02-21T12:16:23","date_gmt":"2023-02-21T11:16:23","guid":{"rendered":"https:\/\/flemingeskola.eus\/?p=5914"},"modified":"2023-02-21T12:45:52","modified_gmt":"2023-02-21T11:45:52","slug":"feria-pedagogica-2023","status":"publish","type":"post","link":"https:\/\/flemingeskola.eus\/es\/feria-pedagogica-2023\/","title":{"rendered":"FERIA PEDAGOGICA 2023"},"content":{"rendered":"<div dir=\"auto\">\u00a1El 11 de febrero celebramos la <strong>2\u00aa FERIA PEDAG\u00d3GICA<\/strong> de Fleming Herri Eskola!<\/div>\n<div dir=\"auto\"><\/div>\n<div dir=\"auto\"><\/div>\n<div dir=\"auto\">En buen ambiente y con la ayuda del buen tiempo tuvimos de todo: bertsolarismo, ajedrez, rob\u00f3tica, proyectos, matem\u00e1tica manipulativa, la metodolog\u00eda activa de los m\u00e1s peques, cuentacuentos, talos y venta de materiales de la asociaci\u00f3n de familias&#8230;<\/div>\n<div dir=\"auto\"><\/div>\n<div dir=\"auto\"><\/div>\n<div dir=\"auto\">Quer\u00edamos mostrar a las familias y a la ciudadan\u00eda lo que hacemos en la escuela en el d\u00eda a d\u00eda, porque estamos muy orgullos@s del excelente trabajo que realizan tod@s nuestr@s alumn@s. Han estado nervios@s y content@s ya que ell@s han sido l@s responsables de explicar, compartir y llegar al mundo los proyectos escolares, \u00a1y claro, lo han hecho fenomenal!<\/div>\n<h3 dir=\"auto\"><\/h3>\n<h3 dir=\"auto\">FOTOS:<\/h3>\n<div dir=\"auto\"><a href=\"https:\/\/www.flickr.com\/photos\/159542445@N04\/albums\/72177720306160115\/with\/52701529942\/\">https:\/\/www.flickr.com\/photos\/159542445@N04\/albums\/72177720306160115\/with\/52701529942\/<\/a><\/div>\n<div dir=\"auto\"><\/div>\n<div dir=\"auto\"><\/div>\n<h3 dir=\"auto\">28 KANALA:<\/h3>\n<div dir=\"auto\"><a href=\"https:\/\/www.28kanala.eus\/saioak-28-kanala\/55-herriak\/amasa-villabona\/12010-fleming-herri-eskolak-azoka-pedagogikoa-burutu-du-beraien-egunerkotasuna-plazaratzeko\">https:\/\/www.28kanala.eus\/saioak-28-kanala\/55-herriak\/amasa-villabona\/12010-fleming-herri-eskolak-azoka-pedagogikoa-burutu-du-beraien-egunerkotasuna-plazaratzeko<\/a><\/div>\n<div dir=\"auto\"><\/div>\n<div dir=\"auto\"><\/div>\n<h3 dir=\"auto\" style=\"text-align: center;\">\u00a1Muchas gracias a tod@s l@s participantes<\/h3>\n<h3 dir=\"auto\" style=\"text-align: center;\">y a tod@s l@s que os hab\u00e9is acercado!<\/h3>\n","protected":false},"excerpt":{"rendered":"<p>\u00a1Las FOTOS de la Feria Pedag\u00f3gica!<\/p>\n","protected":false},"author":2,"featured_media":5909,"comment_status":"closed","ping_status":"closed","sticky":false,"template":"","format":"standard","meta":{"_et_pb_use_builder":"","_et_pb_old_content":"","_et_gb_content_width":"","footnotes":""},"categories":[29],"tags":[],"class_list":["post-5914","post","type-post","status-publish","format-standard","has-post-thumbnail","hentry","category-noticias","et-has-post-format-content","et_post_format-et-post-format-standard"],"_links":{"self":[{"href":"https:\/\/flemingeskola.eus\/es\/wp-json\/wp\/v2\/posts\/5914","targetHints":{"allow":["GET"]}}],"collection":[{"href":"https:\/\/flemingeskola.eus\/es\/wp-json\/wp\/v2\/posts"}],"about":[{"href":"https:\/\/flemingeskola.eus\/es\/wp-json\/wp\/v2\/types\/post"}],"author":[{"embeddable":true,"href":"https:\/\/flemingeskola.eus\/es\/wp-json\/wp\/v2\/users\/2"}],"replies":[{"embeddable":true,"href":"https:\/\/flemingeskola.eus\/es\/wp-json\/wp\/v2\/comments?post=5914"}],"version-history":[{"count":7,"href":"https:\/\/flemingeskola.eus\/es\/wp-json\/wp\/v2\/posts\/5914\/revisions"}],"predecessor-version":[{"id":5922,"href":"https:\/\/flemingeskola.eus\/es\/wp-json\/wp\/v2\/posts\/5914\/revisions\/5922"}],"wp:featuredmedia":[{"embeddable":true,"href":"https:\/\/flemingeskola.eus\/es\/wp-json\/wp\/v2\/media\/5909"}],"wp:attachment":[{"href":"https:\/\/flemingeskola.eus\/es\/wp-json\/wp\/v2\/media?parent=5914"}],"wp:term":[{"taxonomy":"category","embeddable":true,"href":"https:\/\/flemingeskola.eus\/es\/wp-json\/wp\/v2\/categories?post=5914"},{"taxonomy":"post_tag","embeddable":true,"href":"https:\/\/flemingeskola.eus\/es\/wp-json\/wp\/v2\/tags?post=5914"}],"curies":[{"name":"wp","href":"https:\/\/api.w.org\/{rel}","templated":true}]}}