{"id":5390,"date":"2022-06-08T12:41:15","date_gmt":"2022-06-08T10:41:15","guid":{"rendered":"https:\/\/flemingeskola.eus\/?p=5390"},"modified":"2022-06-13T15:42:49","modified_gmt":"2022-06-13T13:42:49","slug":"jaialdia-2022","status":"publish","type":"post","link":"https:\/\/flemingeskola.eus\/es\/jaialdia-2022\/","title":{"rendered":"PROGRAMACI\u00d3N DE LA FIESTA ESCOLAR"},"content":{"rendered":"<h3><strong><u>PROGRAMACION<\/u><\/strong><\/h3>\n<p>&nbsp;<\/p>\n<p>09:00 \u00a0 \u00a0\u00a0 <strong>Finales<\/strong> de los campeonatos de <strong>PALA<\/strong> y <strong>PELOTA A MANO<\/strong> en el front\u00f3n del polideportivo.<\/p>\n<p>11:30 \u00a0 \u00a0\u00a0 <strong>ACTUACIONES<\/strong> en el front\u00f3n Bearzana<\/p>\n<ul>\n<li>Reparto de premios del campeonato de pelota a mano y pala.<\/li>\n<li>2 a\u00f1os:\u00a0\u00a0\u00a0 \u201cAita lotia \u201d<\/li>\n<li>3 a\u00f1os:\u00a0\u00a0\u00a0 \u201cAerobick \u201d<\/li>\n<li>4 a\u00f1os:\u00a0\u00a0\u00a0\u00a0 \u201cLetkiss\u201d<\/li>\n<li>5 a\u00f1os:\u00a0\u00a0\u00a0\u00a0 \u201c Aske maite\u201d<\/li>\n<li>1\u00ba curso: \u201cFleming diskotek people\u201d<\/li>\n<li>2\u00ba curso: \u201cSentipenak askatu\u201d<\/li>\n<li>3\u00ba y 4\u00ba curso: txirula \u201c Haizearen jainkosa\u201d<\/li>\n<li>3\u00ba curso: \u201cNire gorputza da\u201d<\/li>\n<li>4\u00ba curso:\u00a0 \u201cAcrossport\u201d<\/li>\n<li>5\u00ba curso:\u00a0 \u201cPopurri\u201d<\/li>\n<li>6\u00ba curso:\u00a0 \u201cAh-yay\u201d<\/li>\n<\/ul>\n<p>&nbsp;<\/p>\n<p>14:30\u00a0\u00a0\u00a0\u00a0\u00a0 <strong>COMIDA<\/strong> en en front\u00f3n Bearzana.<\/p>\n<p>15:30\u00a0\u00a0\u00a0\u00a0\u00a0 <strong>TALLERES y ACTIVIDADES<\/strong> organizadas por la Asociaci\u00f3n de padres y madres, acompa\u00f1adas por la m\u00fasica de un DJ.<\/p>\n<p>&nbsp;<\/p>\n<p><strong><u>Nota<\/u><\/strong><u>:<\/u><\/p>\n<p>A las 11:10 se reunir\u00e1 todo el alumnado con sus tutor@s.\u00a0 Al terminar las actuaciones, las familias recoger\u00e1n a sus hij@s y a partir de ese momento quedar\u00e1n bajo su responsabilidad.<\/p>\n<p>&nbsp;<\/p>\n<p>&nbsp;<\/p>\n","protected":false},"excerpt":{"rendered":"<p>Tic tac, tic tac&#8230; \u00a1ya viene la Fiesta! \u00a1Aqu\u00ed la PROGRAMACI\u00d3N!<\/p>\n","protected":false},"author":2,"featured_media":5381,"comment_status":"closed","ping_status":"closed","sticky":false,"template":"","format":"standard","meta":{"_et_pb_use_builder":"","_et_pb_old_content":"","_et_gb_content_width":"","footnotes":""},"categories":[29],"tags":[],"class_list":["post-5390","post","type-post","status-publish","format-standard","has-post-thumbnail","hentry","category-noticias","et-has-post-format-content","et_post_format-et-post-format-standard"],"_links":{"self":[{"href":"https:\/\/flemingeskola.eus\/es\/wp-json\/wp\/v2\/posts\/5390","targetHints":{"allow":["GET"]}}],"collection":[{"href":"https:\/\/flemingeskola.eus\/es\/wp-json\/wp\/v2\/posts"}],"about":[{"href":"https:\/\/flemingeskola.eus\/es\/wp-json\/wp\/v2\/types\/post"}],"author":[{"embeddable":true,"href":"https:\/\/flemingeskola.eus\/es\/wp-json\/wp\/v2\/users\/2"}],"replies":[{"embeddable":true,"href":"https:\/\/flemingeskola.eus\/es\/wp-json\/wp\/v2\/comments?post=5390"}],"version-history":[{"count":5,"href":"https:\/\/flemingeskola.eus\/es\/wp-json\/wp\/v2\/posts\/5390\/revisions"}],"predecessor-version":[{"id":5398,"href":"https:\/\/flemingeskola.eus\/es\/wp-json\/wp\/v2\/posts\/5390\/revisions\/5398"}],"wp:featuredmedia":[{"embeddable":true,"href":"https:\/\/flemingeskola.eus\/es\/wp-json\/wp\/v2\/media\/5381"}],"wp:attachment":[{"href":"https:\/\/flemingeskola.eus\/es\/wp-json\/wp\/v2\/media?parent=5390"}],"wp:term":[{"taxonomy":"category","embeddable":true,"href":"https:\/\/flemingeskola.eus\/es\/wp-json\/wp\/v2\/categories?post=5390"},{"taxonomy":"post_tag","embeddable":true,"href":"https:\/\/flemingeskola.eus\/es\/wp-json\/wp\/v2\/tags?post=5390"}],"curies":[{"name":"wp","href":"https:\/\/api.w.org\/{rel}","templated":true}]}}