{"id":3923,"date":"2020-12-22T12:41:14","date_gmt":"2020-12-22T11:41:14","guid":{"rendered":"https:\/\/flemingeskola.eus\/?p=3923"},"modified":"2020-12-22T12:49:52","modified_gmt":"2020-12-22T11:49:52","slug":"carta-navidena-2020","status":"publish","type":"post","link":"https:\/\/flemingeskola.eus\/es\/carta-navidena-2020\/","title":{"rendered":"CARTA NAVIDE\u00d1A 2020"},"content":{"rendered":"<p><a href=\"https:\/\/flemingeskola.eus\/wp-content\/uploads\/2020\/12\/Gabon-postala.jpg\"><img loading=\"lazy\" decoding=\"async\" class=\"aligncenter wp-image-3916\" src=\"https:\/\/flemingeskola.eus\/wp-content\/uploads\/2020\/12\/Gabon-postala-300x169.jpg\" alt=\"\" width=\"641\" height=\"361\" srcset=\"https:\/\/flemingeskola.eus\/wp-content\/uploads\/2020\/12\/Gabon-postala-300x169.jpg 300w, https:\/\/flemingeskola.eus\/wp-content\/uploads\/2020\/12\/Gabon-postala-768x432.jpg 768w, https:\/\/flemingeskola.eus\/wp-content\/uploads\/2020\/12\/Gabon-postala.jpg 960w\" sizes=\"(max-width: 641px) 100vw, 641px\" \/><\/a><\/p>\n<p>Querid@s <strong>MARIDOMINGI<\/strong> y <strong>OLENTZERO<\/strong>:<\/p>\n<p>Os escribimos esta carta desde la direcci\u00f3n de Fleming Herri Eskola.<\/p>\n<p>2020 ha sido un a\u00f1o especial y ya est\u00e1 el 2021 a punto de llegar. En septiembre toda la sociedad estaba preocupada por lo que iba a pasar al empezar la escuela y el deseo de tod@s era que l@s ni\u00f1@s estuvieran bien. Todo ha ido mejor de lo esperado, con altibajos y dificultades, pero entre todos hemos superado los obst\u00e1culos y vamos avanzado poco a poco. Va a terminar el trimestre y queremos enviar este mensaje de agradecimiento.<\/p>\n<p>\u00a1Gracias primero a <strong>nuestr@s peque\u00f1@s<\/strong>, a nuestros protagonistas, <strong>porque son nuestr@s verdader@s MAESTR@S!<\/strong><\/p>\n<p>Desde el primer d\u00eda han venido encantad@s, llen@s de energ\u00eda. A pesar de las nuevas normas en la escuela (lavados de manos, mascarillas, colas, no poder juntarse con amig@s, etc.), tod@s se han adaptado con ilusi\u00f3n. Comenzaron felices &nbsp;y siguen as\u00ed, cumpliendo las normas y siguiendo con su actitud optimista y constructiva de siempre. Quiz\u00e1 deber\u00edamos mirar m\u00e1s veces a nuestr@s peque\u00f1@s, que tienen mucho que ense\u00f1arnos \u00a1GRACIAS CAMPEONES\/AS!<\/p>\n<p>Pero no quisi\u00e9ramos olvidar a<strong> las FAMILIAS<\/strong>. Porque han llevado toda esta situaci\u00f3n con paciencia: aceptar las normas, los confinamientos,\u2026 han sido comprensivas y responsables y eso es de agradecer, as\u00ed que \u00a1GRACIAS a tod@s, madres, padres, abuelos y abuelas,\u2026!<\/p>\n<p>Gracias tambi\u00e9n <strong>al CLAUSTRO<\/strong>, porque ha habido trabajos adicionales, porque hemos tenido que adaptar la forma de ense\u00f1ar, de trabajar, hemos tenido quebraderos de cabeza y dificultades pero como siempre entre todos hemos sacado adelante el trimestre de forma digna,\u2026 estamos muy orgullosos. \u00a1GRACIAS equipo!<\/p>\n<p>Tambi\u00e9n <strong>las educadoras del COMEDOR<\/strong>, alimentando a nuestr@s peque\u00f1@s cada d\u00eda, y teniendo en cuenta que en esta situaci\u00f3n su contexto es \u00abespecial\u00bb, queremos destacar tambi\u00e9n su esfuerzo. Han trabajado con todas las precauciones y hemos podido comer en la escuela, as\u00ed que \u00a1GRACIAS por vuestro excelente trabajo!<\/p>\n<p>Y teniendo en cuenta la importancia de la limpieza en esta situaci\u00f3n tan especial, tambi\u00e9n queremos destacar la labor de <strong>LAS LIMPIADORAS Y DEL BEDEL<\/strong>. Trabajos adicionales, diferentes, especiales, han convertido nuestra escuela en un lugar seguro para tod@s, as\u00ed que \u00a1GRACIAS tambi\u00e9n a vosotr@s!<\/p>\n<p>En este a\u00f1o tan especial el <strong>AYUNTAMIENTO<\/strong> tambi\u00e9n se ha mostrado siempre dispuesto a ayudar a la comunidad; dotar de ordenadores y conexiones a internet, facilitando recursos materiales y personales para la seguridad,\u2026 \u00a1GRACIAS!<\/p>\n<p>Y por \u00faltimo a la <strong>INSPECTORA de Educaci\u00f3n y a l@x ASESOR@S del Berritzegune de Lasarte<\/strong> que como siempre nos ofrecen su apoyo y colaboraci\u00f3n, porque nos ayudan a mejorar, y porque ante todos estos obst\u00e1culos, nos facilitan el camino a recorrer. \u00a1GRACIAS! <a href=\"https:\/\/flemingeskola.eus\/wp-content\/uploads\/2020\/12\/heart-1777675_1280.png\"><img loading=\"lazy\" decoding=\"async\" class=\"aligncenter wp-image-3925\" src=\"https:\/\/flemingeskola.eus\/wp-content\/uploads\/2020\/12\/heart-1777675_1280-300x286.png\" alt=\"\" width=\"171\" height=\"163\" srcset=\"https:\/\/flemingeskola.eus\/wp-content\/uploads\/2020\/12\/heart-1777675_1280-300x286.png 300w, https:\/\/flemingeskola.eus\/wp-content\/uploads\/2020\/12\/heart-1777675_1280-1024x977.png 1024w, https:\/\/flemingeskola.eus\/wp-content\/uploads\/2020\/12\/heart-1777675_1280-768x733.png 768w, https:\/\/flemingeskola.eus\/wp-content\/uploads\/2020\/12\/heart-1777675_1280-1080x1030.png 1080w, https:\/\/flemingeskola.eus\/wp-content\/uploads\/2020\/12\/heart-1777675_1280.png 1280w\" sizes=\"(max-width: 171px) 100vw, 171px\" \/><\/a><strong>La comunidad de Fleming Herri Eskola<\/strong> es nuestro &nbsp;<strong>GRAN<\/strong> <strong>TESORO<\/strong>. Por eso, queremos pedir saquitos llenos de flemingkidetasuna para toda la comunidad: salud, amor e ilusi\u00f3n para tod@s \u00a1porque si estamos junt@s seremos capaces de afrontar cualquier situaci\u00f3n! Esa es nuestra petici\u00f3n para este nuevo a\u00f1o.<\/p>\n<p>Por nuestra parte seguiremos trabajando de forma responsable, respondiendo a cualquier situaci\u00f3n y poniendo en el centro la protecci\u00f3n y el bienestar de los ni\u00f1@s.<\/p>\n<p>Esperando que teng\u00e1is en cuenta nuestros deseos, recibid un cordial saludo, \u2026<\/p>\n<p>&nbsp;<\/p>\n<p style=\"text-align: center;\">EL EQUIPO DIRECTIVO <a href=\"https:\/\/flemingeskola.eus\/wp-content\/uploads\/2020\/12\/pampers-1792182_1280.png\"><img loading=\"lazy\" decoding=\"async\" class=\"aligncenter size-medium wp-image-3927\" src=\"https:\/\/flemingeskola.eus\/wp-content\/uploads\/2020\/12\/pampers-1792182_1280-300x150.png\" alt=\"\" width=\"300\" height=\"150\" srcset=\"https:\/\/flemingeskola.eus\/wp-content\/uploads\/2020\/12\/pampers-1792182_1280-300x150.png 300w, https:\/\/flemingeskola.eus\/wp-content\/uploads\/2020\/12\/pampers-1792182_1280-1024x512.png 1024w, https:\/\/flemingeskola.eus\/wp-content\/uploads\/2020\/12\/pampers-1792182_1280-768x384.png 768w, https:\/\/flemingeskola.eus\/wp-content\/uploads\/2020\/12\/pampers-1792182_1280-1080x540.png 1080w, https:\/\/flemingeskola.eus\/wp-content\/uploads\/2020\/12\/pampers-1792182_1280.png 1280w\" sizes=\"(max-width: 300px) 100vw, 300px\" \/><\/a>Fleming Herri Eskola<\/p>\n<p>&nbsp;<\/p>\n<p>&nbsp;<\/p>\n","protected":false},"excerpt":{"rendered":"<p>Querid@s MARIDOMINGI y OLENTZERO: Os escribimos esta carta desde la direcci\u00f3n de Fleming Herri Eskola. 2020 ha sido un a\u00f1o especial y ya est\u00e1 el 2021 a punto de llegar. En septiembre toda la sociedad estaba preocupada por lo que iba a pasar al empezar la escuela y el deseo de tod@s era que l@s [&hellip;]<\/p>\n","protected":false},"author":2,"featured_media":3917,"comment_status":"closed","ping_status":"closed","sticky":false,"template":"","format":"standard","meta":{"_et_pb_use_builder":"","_et_pb_old_content":"","_et_gb_content_width":"","footnotes":""},"categories":[29],"tags":[],"class_list":["post-3923","post","type-post","status-publish","format-standard","has-post-thumbnail","hentry","category-noticias","et-has-post-format-content","et_post_format-et-post-format-standard"],"_links":{"self":[{"href":"https:\/\/flemingeskola.eus\/es\/wp-json\/wp\/v2\/posts\/3923","targetHints":{"allow":["GET"]}}],"collection":[{"href":"https:\/\/flemingeskola.eus\/es\/wp-json\/wp\/v2\/posts"}],"about":[{"href":"https:\/\/flemingeskola.eus\/es\/wp-json\/wp\/v2\/types\/post"}],"author":[{"embeddable":true,"href":"https:\/\/flemingeskola.eus\/es\/wp-json\/wp\/v2\/users\/2"}],"replies":[{"embeddable":true,"href":"https:\/\/flemingeskola.eus\/es\/wp-json\/wp\/v2\/comments?post=3923"}],"version-history":[{"count":5,"href":"https:\/\/flemingeskola.eus\/es\/wp-json\/wp\/v2\/posts\/3923\/revisions"}],"predecessor-version":[{"id":3936,"href":"https:\/\/flemingeskola.eus\/es\/wp-json\/wp\/v2\/posts\/3923\/revisions\/3936"}],"wp:featuredmedia":[{"embeddable":true,"href":"https:\/\/flemingeskola.eus\/es\/wp-json\/wp\/v2\/media\/3917"}],"wp:attachment":[{"href":"https:\/\/flemingeskola.eus\/es\/wp-json\/wp\/v2\/media?parent=3923"}],"wp:term":[{"taxonomy":"category","embeddable":true,"href":"https:\/\/flemingeskola.eus\/es\/wp-json\/wp\/v2\/categories?post=3923"},{"taxonomy":"post_tag","embeddable":true,"href":"https:\/\/flemingeskola.eus\/es\/wp-json\/wp\/v2\/tags?post=3923"}],"curies":[{"name":"wp","href":"https:\/\/api.w.org\/{rel}","templated":true}]}}