{"id":3696,"date":"2020-03-24T15:04:43","date_gmt":"2020-03-24T14:04:43","guid":{"rendered":"https:\/\/flemingeskola.eus\/?p=3696"},"modified":"2020-03-26T09:31:54","modified_gmt":"2020-03-26T08:31:54","slug":"geroa-pasaka-eskolaren-50-urteurreneko-abesti-berria","status":"publish","type":"post","link":"https:\/\/flemingeskola.eus\/es\/geroa-pasaka-eskolaren-50-urteurreneko-abesti-berria\/","title":{"rendered":"\u201cGeroa pasaka\u201d la canci\u00f3n del 50 aniversario de la escuela"},"content":{"rendered":"<p><span style=\"font-weight: 400;\"><a href=\"https:\/\/flemingeskola.eus\/wp-content\/uploads\/2020\/03\/IMG_20200213_181637-scaled.jpg\"><img loading=\"lazy\" decoding=\"async\" class=\"size-medium wp-image-3698 alignright\" src=\"https:\/\/flemingeskola.eus\/wp-content\/uploads\/2020\/03\/IMG_20200213_181637-300x225.jpg\" alt=\"\" width=\"300\" height=\"225\" srcset=\"https:\/\/flemingeskola.eus\/wp-content\/uploads\/2020\/03\/IMG_20200213_181637-300x225.jpg 300w, https:\/\/flemingeskola.eus\/wp-content\/uploads\/2020\/03\/IMG_20200213_181637-1024x768.jpg 1024w, https:\/\/flemingeskola.eus\/wp-content\/uploads\/2020\/03\/IMG_20200213_181637-768x576.jpg 768w, https:\/\/flemingeskola.eus\/wp-content\/uploads\/2020\/03\/IMG_20200213_181637-1536x1152.jpg 1536w, https:\/\/flemingeskola.eus\/wp-content\/uploads\/2020\/03\/IMG_20200213_181637-2048x1536.jpg 2048w, https:\/\/flemingeskola.eus\/wp-content\/uploads\/2020\/03\/IMG_20200213_181637-1080x810.jpg 1080w\" sizes=\"(max-width: 300px) 100vw, 300px\" \/><\/a><\/span><\/p>\n<p><span style=\"font-weight: 400;\">Estos \u00faltimos meses, debido al 50 aniversario de Fleming Herri Eskola, hemos estado creando la canci\u00f3n \u201c50 urtez geroa pasaka\u201d junto a diferentes artistas y m\u00fasicos del pueblo. Los exalumnos I\u00f1aki Lizaso (Bihozkada) y Yerai Gascon (Habi) son los que, mano a mano, han compuesto la canci\u00f3n, con la ayuda de mucho otr@s artistas como Oihana Iguaran (letra y voz), DZ Zigor Lampre (m\u00fasica), Jon Ander Artola (bater\u00eda), Javi Rivero (bajo) y Gorka Lizaso (voz y guitarra).&nbsp; La grabaci\u00f3n se ha realizado en los estudios de Elkar y no podemos dejar sin mencionar la colaboraci\u00f3n de varios alumn@s en las voces. Hemos quedado muy contentos con la propuesta y el resultado innovador que nos han presentado.<\/span><\/p>\n<p><span style=\"font-weight: 400;\">Vamos a esperar a que pase la crisis del coronavirus para hacer la grabaci\u00f3n del videoclip. La fecha est\u00e1 marcada, pero tenemos dudas de si podremos mantenerla. Siendo esta la situaci\u00f3n, hemos decidido publicar el d\u00eda cuando se cumplan las condiciones para poder realizarla. Queremos subrayar de antemano que toda la comunidad escolar (profesor@s, exalumn@s, familias, ni\u00f1@s, ciudadan@s, cuadrillas\u2026) est\u00e1is invitad@s a participar en dicha grabaci\u00f3n. Siendo una escuela del pueblo y para el pueblo queremos que sea una iniciativa abierta y popular.<\/span><\/p>\n<p><span style=\"font-weight: 400;\">A pesar de todo, para amenizar un poco estos d\u00edas y para pasar el rato en casa, os queremos ofrecer algunos recursos para ir preparando el videoclip. Tambi\u00e9n hemos a\u00f1adido la coreograf\u00eda de los estribillos para que vay\u00e1is practicando. Los encargados de realizar la coreograf\u00eda han sido Eneritz Ugartemendia (exalumna y profesora de la escuela, y miembro de Oinkari) y Oier Laborde (exalumno de la escuela y miembro de la compa\u00f1\u00eda Aukeran). Animaos a practicar en casa que \u00a1pronto estamos junt@s de nuevo!&nbsp;<\/span><\/p>\n<ul>\n<li style=\"font-weight: 400;\"><b>&nbsp;<\/b><a href=\"https:\/\/flemingeskola.eus\/wp-content\/uploads\/2020\/03\/letra-pasaka.pdf\"><b>Letra de la canci\u00f3n<\/b><\/a><b>.<\/b><\/li>\n<li style=\"font-weight: 400;\"><a href=\"https:\/\/flemingeskola.eus\/wp-content\/uploads\/2020\/03\/AUD-20200313-WA0000.aac\"><b>Escuchar y descargar el audio<\/b><\/a><\/li>\n<li style=\"font-weight: 400;\"><a href=\"https:\/\/www.youtube.com\/watch?v=NDpBBvQgwHM\"><b>El video de la canci\u00f3n- making off (youtube).&nbsp;<\/b><\/a><\/li>\n<li style=\"font-weight: 400;\"><a href=\"https:\/\/www.youtube.com\/watch?v=hqqEGQEQ0c4\"><b>Aprender la coreograf\u00eda (youtube).<\/b><\/a><\/li>\n<\/ul>\n<p><code><code><iframe loading=\"lazy\" src=\"https:\/\/www.youtube.com\/embed\/NDpBBvQgwHM\" width=\"560\" height=\"315\" frameborder=\"0\" allowfullscreen=\"allowfullscreen\"><\/iframe><\/code><\/code><\/p>\n","protected":false},"excerpt":{"rendered":"<p>Estos \u00faltimos meses, debido al 50 aniversario de Fleming Herri Eskola, hemos estado creando la canci\u00f3n \u201c50 urtez geroa pasaka\u201d junto a diferentes artistas y m\u00fasicos del pueblo. Los exalumnos I\u00f1aki Lizaso (Bihozkada) y Yerai Gascon (Habi) son los que, mano a mano, han compuesto la canci\u00f3n, con la ayuda de mucho otr@s artistas como [&hellip;]<\/p>\n","protected":false},"author":2,"featured_media":3698,"comment_status":"closed","ping_status":"closed","sticky":false,"template":"","format":"standard","meta":{"_et_pb_use_builder":"","_et_pb_old_content":"","_et_gb_content_width":"","footnotes":""},"categories":[29],"tags":[],"class_list":["post-3696","post","type-post","status-publish","format-standard","has-post-thumbnail","hentry","category-noticias","et-has-post-format-content","et_post_format-et-post-format-standard"],"_links":{"self":[{"href":"https:\/\/flemingeskola.eus\/es\/wp-json\/wp\/v2\/posts\/3696","targetHints":{"allow":["GET"]}}],"collection":[{"href":"https:\/\/flemingeskola.eus\/es\/wp-json\/wp\/v2\/posts"}],"about":[{"href":"https:\/\/flemingeskola.eus\/es\/wp-json\/wp\/v2\/types\/post"}],"author":[{"embeddable":true,"href":"https:\/\/flemingeskola.eus\/es\/wp-json\/wp\/v2\/users\/2"}],"replies":[{"embeddable":true,"href":"https:\/\/flemingeskola.eus\/es\/wp-json\/wp\/v2\/comments?post=3696"}],"version-history":[{"count":19,"href":"https:\/\/flemingeskola.eus\/es\/wp-json\/wp\/v2\/posts\/3696\/revisions"}],"predecessor-version":[{"id":3735,"href":"https:\/\/flemingeskola.eus\/es\/wp-json\/wp\/v2\/posts\/3696\/revisions\/3735"}],"wp:featuredmedia":[{"embeddable":true,"href":"https:\/\/flemingeskola.eus\/es\/wp-json\/wp\/v2\/media\/3698"}],"wp:attachment":[{"href":"https:\/\/flemingeskola.eus\/es\/wp-json\/wp\/v2\/media?parent=3696"}],"wp:term":[{"taxonomy":"category","embeddable":true,"href":"https:\/\/flemingeskola.eus\/es\/wp-json\/wp\/v2\/categories?post=3696"},{"taxonomy":"post_tag","embeddable":true,"href":"https:\/\/flemingeskola.eus\/es\/wp-json\/wp\/v2\/tags?post=3696"}],"curies":[{"name":"wp","href":"https:\/\/api.w.org\/{rel}","templated":true}]}}